{"id":174,"date":"2023-02-16T20:04:13","date_gmt":"2023-02-17T01:04:13","guid":{"rendered":"https:\/\/cinia.com.mx\/blog\/?p=174"},"modified":"2023-05-16T15:42:27","modified_gmt":"2023-05-16T20:42:27","slug":"la-discapacidad-representada-en-la-literatura-para-ninos-y-adolescentes","status":"publish","type":"post","link":"https:\/\/cinia.com.mx\/blog\/la-discapacidad-representada-en-la-literatura-para-ninos-y-adolescentes\/","title":{"rendered":"<strong>La discapacidad representada en la literatura para ni\u00f1os y adolescentes<\/strong>"},"content":{"rendered":"\n<figure class=\"wp-block-image size-large\"><img loading=\"lazy\" decoding=\"async\" width=\"1024\" height=\"576\" src=\"https:\/\/cinia.com.mx\/blog\/wp-content\/uploads\/2023\/02\/5_libros_sobre_la_discapacidadblog-1024x576.jpg\" alt=\"\" class=\"wp-image-175\" srcset=\"https:\/\/cinia.com.mx\/blog\/wp-content\/uploads\/2023\/02\/5_libros_sobre_la_discapacidadblog-1024x576.jpg 1024w, https:\/\/cinia.com.mx\/blog\/wp-content\/uploads\/2023\/02\/5_libros_sobre_la_discapacidadblog-300x169.jpg 300w, https:\/\/cinia.com.mx\/blog\/wp-content\/uploads\/2023\/02\/5_libros_sobre_la_discapacidadblog-768x432.jpg 768w, https:\/\/cinia.com.mx\/blog\/wp-content\/uploads\/2023\/02\/5_libros_sobre_la_discapacidadblog-1536x864.jpg 1536w, https:\/\/cinia.com.mx\/blog\/wp-content\/uploads\/2023\/02\/5_libros_sobre_la_discapacidadblog.jpg 1600w\" sizes=\"auto, (max-width: 1024px) 100vw, 1024px\" \/><\/figure>\n\n\n\n<p>La representaci\u00f3n de la discapacidad en los libros dirigidos a ni\u00f1os y adolescentes va aumentando poco a poco con el paso de los a\u00f1os.En 2019, el <a href=\"https:\/\/ccbc.education.wisc.edu\/the-numbers-are-in-2019-ccbc-diversity-statistics\/\" data-type=\"URL\" target=\"_blank\" rel=\"noreferrer noopener\">Centro de Cooperaci\u00f3n de Libros para Ni\u00f1os en la Universidad de Wisconsin-Madison<\/a>, descubri\u00f3 que solo el 3.4 por ciento de libros recibidos inclu\u00edan a un personaje con discapacidad, 3 a\u00f1os despu\u00e9s, en 2022 el centro recibi\u00f3 165 libros con un personaje con discapacidad, un aumento de los 126 que se recibieron en 2019.<\/p>\n\n\n\n<p>Es importante que los ni\u00f1os y adolescentes vean la discapacidad de una forma m\u00e1s cercana y sobretodo humana, ense\u00f1\u00e1ndoles desde peque\u00f1os que tener una discapacidad no significa ser menos capaz o que no pueden desenvolverse en la sociedad, simplemente se desenvuelven de una forma distinta. Las discapacidades se pueden ver diferentes en cada persona, incluso hay unas que ni se pueden ver. &nbsp;Cada uno de nosotros es parte importante de un todo y partiendo de este principio, merecemos las mismas oportunidades.<\/p>\n\n\n\n<p>Aqu\u00ed te recomendamos 5 libros con personajes con discapacidad, excelentes para reflexionar con los m\u00e1s peque\u00f1os de casa e incluso para los adultos. <\/p>\n\n\n\n<div class=\"wp-block-media-text alignwide is-stacked-on-mobile\"><figure class=\"wp-block-media-text__media\"><img loading=\"lazy\" decoding=\"async\" width=\"541\" height=\"700\" src=\"https:\/\/cinia.com.mx\/blog\/wp-content\/uploads\/2023\/02\/LA_PERRA_DE_HOLA_Y_ADIO\u0301S_portada_libro.jpeg-1.jpg\" alt=\"\" class=\"wp-image-178 size-full\" srcset=\"https:\/\/cinia.com.mx\/blog\/wp-content\/uploads\/2023\/02\/LA_PERRA_DE_HOLA_Y_ADIO\u0301S_portada_libro.jpeg-1.jpg 541w, https:\/\/cinia.com.mx\/blog\/wp-content\/uploads\/2023\/02\/LA_PERRA_DE_HOLA_Y_ADIO\u0301S_portada_libro.jpeg-1-232x300.jpg 232w\" sizes=\"auto, (max-width: 541px) 100vw, 541px\" \/><\/figure><div class=\"wp-block-media-text__content\">\n<p><strong>\u201cLa perra de hola y adi\u00f3s\u201d (2017) por Maria Gianferrari, ilustrado por Patrice Barton<\/strong>: Discapacidad motriz.<\/p>\n\n\n\n<p>Este libro cuenta la historia de Zara y Moose. Cuando Zara se tiene que ir a la escuela, Moose quiere ir con ella y la sigue a pesar de que los perros no est\u00e9n permitidos en la escuela. \u00bfQu\u00e9 har\u00e1n Zara, sus pap\u00e1s, sus maestros y los compa\u00f1eros de Zara?<\/p>\n\n\n\n<p>Este libro ilustrado es perfecto para ni\u00f1os peque\u00f1os. A pesar de que Zara usa silla de ruedas, su discapacidad no es el punto central de la historia.<\/p>\n\n\n\n<p><\/p>\n<\/div><\/div>\n\n\n\n<div class=\"wp-block-media-text alignwide has-media-on-the-right is-stacked-on-mobile\"><div class=\"wp-block-media-text__content\">\n<p><strong>\u201cSuper Sorda\u201d (2018) por Cece Bell, ilustrado por David Lasky<\/strong>: Discapacidad auditiva<\/p>\n\n\n\n<p>Supersorda&nbsp;es una novela gr\u00e1fica absolutamente maravillosa, basada en la propia experiencia de su autora, Cece Bell, que narra la historia de una ni\u00f1a que pierde gran parte de su audici\u00f3n debido a una meningitis que padece a los cuatro a\u00f1os.<\/p>\n<\/div><figure class=\"wp-block-media-text__media\"><img loading=\"lazy\" decoding=\"async\" width=\"722\" height=\"1024\" src=\"https:\/\/cinia.com.mx\/blog\/wp-content\/uploads\/2023\/02\/SUPER_SORDA-722x1024.jpeg\" alt=\"\" class=\"wp-image-179 size-full\" srcset=\"https:\/\/cinia.com.mx\/blog\/wp-content\/uploads\/2023\/02\/SUPER_SORDA-722x1024.jpeg 722w, https:\/\/cinia.com.mx\/blog\/wp-content\/uploads\/2023\/02\/SUPER_SORDA-211x300.jpeg 211w, https:\/\/cinia.com.mx\/blog\/wp-content\/uploads\/2023\/02\/SUPER_SORDA-768x1090.jpeg 768w, https:\/\/cinia.com.mx\/blog\/wp-content\/uploads\/2023\/02\/SUPER_SORDA-1083x1536.jpeg 1083w, https:\/\/cinia.com.mx\/blog\/wp-content\/uploads\/2023\/02\/SUPER_SORDA-1444x2048.jpeg 1444w, https:\/\/cinia.com.mx\/blog\/wp-content\/uploads\/2023\/02\/SUPER_SORDA.jpeg 1679w\" sizes=\"auto, (max-width: 722px) 100vw, 722px\" \/><\/figure><\/div>\n\n\n\n<div class=\"wp-block-media-text alignwide is-stacked-on-mobile\"><figure class=\"wp-block-media-text__media\"><img loading=\"lazy\" decoding=\"async\" width=\"656\" height=\"1024\" src=\"https:\/\/cinia.com.mx\/blog\/wp-content\/uploads\/2023\/02\/TOCAR_EL_CIELO.jpeg.jpg\" alt=\"\" class=\"wp-image-180 size-full\" srcset=\"https:\/\/cinia.com.mx\/blog\/wp-content\/uploads\/2023\/02\/TOCAR_EL_CIELO.jpeg.jpg 656w, https:\/\/cinia.com.mx\/blog\/wp-content\/uploads\/2023\/02\/TOCAR_EL_CIELO.jpeg-192x300.jpg 192w\" sizes=\"auto, (max-width: 656px) 100vw, 656px\" \/><\/figure><div class=\"wp-block-media-text__content\">\n<p><strong>\u201cTocar el Cielo\u201d (2020) por Haizea M. Zubieta <\/strong>: Discapacidad Motriz<\/p>\n\n\n\n<p>Noa G\u00e1lvez perdi\u00f3 las piernas en un accidente de coche hace a\u00f1os. Su familia la apoya, o toda menos su t\u00edo Rafael. Noa es capaz de oler aromas que nadie m\u00e1s percibe. As\u00ed es como descubre que uno de sus antepasados fue un vampiro. La familia Dragulescu necesita aumentar su n\u00famero de miembros y a cambio le ofrecen cumplir su sue\u00f1o. Poder volar convertida en murci\u00e9lago y tocar el cielo.<\/p>\n<\/div><\/div>\n\n\n\n<div class=\"wp-block-media-text alignwide has-media-on-the-right is-stacked-on-mobile\"><div class=\"wp-block-media-text__content\">\n<p><strong>\u201cLa Lecci\u00f3n de August\u201d (2014) por R.J Palacio<\/strong>: Discapacidad motriz<\/p>\n\n\n\n<p>August tiene diez a\u00f1os y nunca ha ido al colegio, este a\u00f1o sus padres han decidido que deber\u00eda empezar a relacionarse con otros ni\u00f1os. August no es un ni\u00f1o convencional, al menos f\u00edsicamente, pues parte de su cara tiene una deformaci\u00f3n, pero \u00e9l se siente como uno m\u00e1s. <\/p>\n\n\n\n<p>Su integraci\u00f3n en el colegio no es nada f\u00e1cil, ya que algunos de sus compa\u00f1eros se burlan de su aspecto f\u00edsico. A lo largo del curso, August aprende una lecci\u00f3n que har\u00e1 que su forma de ver la vida cambie por completo. Consigue andar con la cabeza bien alta, sonre\u00edr aunque tenga un mal d\u00eda y aceptarse a s\u00ed mismo.<\/p>\n\n\n\n<p><\/p>\n<\/div><figure class=\"wp-block-media-text__media\"><img loading=\"lazy\" decoding=\"async\" width=\"664\" height=\"1024\" src=\"https:\/\/cinia.com.mx\/blog\/wp-content\/uploads\/2023\/02\/LA_LECCION_DE_AUGUST-664x1024.jpeg\" alt=\"\" class=\"wp-image-181 size-full\" srcset=\"https:\/\/cinia.com.mx\/blog\/wp-content\/uploads\/2023\/02\/LA_LECCION_DE_AUGUST-664x1024.jpeg 664w, https:\/\/cinia.com.mx\/blog\/wp-content\/uploads\/2023\/02\/LA_LECCION_DE_AUGUST-195x300.jpeg 195w, https:\/\/cinia.com.mx\/blog\/wp-content\/uploads\/2023\/02\/LA_LECCION_DE_AUGUST-768x1185.jpeg 768w, https:\/\/cinia.com.mx\/blog\/wp-content\/uploads\/2023\/02\/LA_LECCION_DE_AUGUST-996x1536.jpeg 996w, https:\/\/cinia.com.mx\/blog\/wp-content\/uploads\/2023\/02\/LA_LECCION_DE_AUGUST-1328x2048.jpeg 1328w, https:\/\/cinia.com.mx\/blog\/wp-content\/uploads\/2023\/02\/LA_LECCION_DE_AUGUST.jpeg 1556w\" sizes=\"auto, (max-width: 664px) 100vw, 664px\" \/><\/figure><\/div>\n\n\n\n<div class=\"wp-block-media-text alignwide is-stacked-on-mobile\"><figure class=\"wp-block-media-text__media\"><img loading=\"lazy\" decoding=\"async\" width=\"338\" height=\"500\" src=\"https:\/\/cinia.com.mx\/blog\/wp-content\/uploads\/2023\/02\/Es-cierto-que-el-amor-lo-cambia-todo.jpg\" alt=\"\" class=\"wp-image-182 size-full\" srcset=\"https:\/\/cinia.com.mx\/blog\/wp-content\/uploads\/2023\/02\/Es-cierto-que-el-amor-lo-cambia-todo.jpg 338w, https:\/\/cinia.com.mx\/blog\/wp-content\/uploads\/2023\/02\/Es-cierto-que-el-amor-lo-cambia-todo-203x300.jpg 203w\" sizes=\"auto, (max-width: 338px) 100vw, 338px\" \/><\/figure><div class=\"wp-block-media-text__content\">\n<p><strong>\u201cTodo, Todo\u201d (2015) por Nicola Yoon<\/strong>: trastorno de inmunodeficiencia<\/p>\n\n\n\n<p><br>Madeline Whittier es al\u00e9rgica al mundo exterior. Tan al\u00e9rgica que no ha salido de su casa en 17 a\u00f1os. A\u00fan as\u00ed, su vida transcurre feliz y tranquila hasta que el chico de ojos azules como el Atl\u00e1ntico se muda a la casa de al lado. El flechazo surge por mensajes y va creciendo y complic\u00e1ndose a trav\u00e9s de un sinf\u00edn de conversaciones, anhelos, vi\u00f1etas, senaciones, ilustraciones, sue\u00f1os<\/p>\n\n\n\n<p>\u00bfQu\u00e9 tendr\u00e1 Olly que lo hace tan impredecible? \u00bfY tan&#8230; especial? \u00bfQu\u00e9 tendr\u00e1 Olly para hacer que la realidad de Madeline se tambalee?<\/p>\n\n\n\n<p>Y es que resulta dif\u00edcil volver a la rutina de siempre con todos los ruidos que llegan de fuera. De repente, Maddy es consciente del cotilleo de los p\u00e1jaros y de los rayos de sol que se cuelan por sus contraventanas.<\/p>\n\n\n\n<p><\/p>\n<\/div><\/div>\n\n\n\n<p>\u00bfYa has le\u00eddo alguno de estos libros inslusivos? D\u00e9janos en comentarios cu\u00e1l fue tu favorito.<\/p>\n","protected":false},"excerpt":{"rendered":"<p>La representaci\u00f3n de la discapacidad en los libros dirigidos a ni\u00f1os y adolescentes va aumentando poco a poco con el paso de los a\u00f1os.En 2019, el Centro de Cooperaci\u00f3n de Libros para Ni\u00f1os en la Universidad de Wisconsin-Madison, descubri\u00f3 que solo el 3.4 por ciento de libros recibidos inclu\u00edan a [&hellip;]<\/p>\n","protected":false},"author":2,"featured_media":192,"comment_status":"open","ping_status":"open","sticky":false,"template":"","format":"standard","meta":{"footnotes":""},"categories":[16],"tags":[],"class_list":["post-174","post","type-post","status-publish","format-standard","has-post-thumbnail","hentry","category-recomendaciones-inclusivas"],"_links":{"self":[{"href":"https:\/\/cinia.com.mx\/blog\/wp-json\/wp\/v2\/posts\/174","targetHints":{"allow":["GET"]}}],"collection":[{"href":"https:\/\/cinia.com.mx\/blog\/wp-json\/wp\/v2\/posts"}],"about":[{"href":"https:\/\/cinia.com.mx\/blog\/wp-json\/wp\/v2\/types\/post"}],"author":[{"embeddable":true,"href":"https:\/\/cinia.com.mx\/blog\/wp-json\/wp\/v2\/users\/2"}],"replies":[{"embeddable":true,"href":"https:\/\/cinia.com.mx\/blog\/wp-json\/wp\/v2\/comments?post=174"}],"version-history":[{"count":3,"href":"https:\/\/cinia.com.mx\/blog\/wp-json\/wp\/v2\/posts\/174\/revisions"}],"predecessor-version":[{"id":193,"href":"https:\/\/cinia.com.mx\/blog\/wp-json\/wp\/v2\/posts\/174\/revisions\/193"}],"wp:featuredmedia":[{"embeddable":true,"href":"https:\/\/cinia.com.mx\/blog\/wp-json\/wp\/v2\/media\/192"}],"wp:attachment":[{"href":"https:\/\/cinia.com.mx\/blog\/wp-json\/wp\/v2\/media?parent=174"}],"wp:term":[{"taxonomy":"category","embeddable":true,"href":"https:\/\/cinia.com.mx\/blog\/wp-json\/wp\/v2\/categories?post=174"},{"taxonomy":"post_tag","embeddable":true,"href":"https:\/\/cinia.com.mx\/blog\/wp-json\/wp\/v2\/tags?post=174"}],"curies":[{"name":"wp","href":"https:\/\/api.w.org\/{rel}","templated":true}]}}